{"id":1001,"date":"2024-02-15T09:38:43","date_gmt":"2024-02-15T09:38:43","guid":{"rendered":"https:\/\/rumbachzsinagoga.hu\/?p=1001"},"modified":"2024-02-15T15:52:11","modified_gmt":"2024-02-15T15:52:11","slug":"rumbach-zsinagoga-szakralitas-es-innovativitas-kozossegi-es-kulturalis-ter","status":"publish","type":"post","link":"https:\/\/rumbachzsinagoga.hu\/en\/2024\/02\/15\/rumbach-zsinagoga-szakralitas-es-innovativitas-kozossegi-es-kulturalis-ter\/","title":{"rendered":"Rumbach zsinag\u00f3ga: szakralit\u00e1s \u00e9s innovativit\u00e1s, k\u00f6z\u00f6ss\u00e9gi \u00e9s kultur\u00e1lis t\u00e9r"},"content":{"rendered":"<p>Azt \u00edrt\u00e1k: a nemzetk\u00f6zi jelent\u0151s\u00e9g\u0171 m\u0171eml\u00e9k ICOMOS-d\u00edjjal elismert rekonstrukci\u00f3ja 3,2 milli\u00e1rd forintb\u00f3l, korm\u00e1nyzati t\u00e1mogat\u00e1ssal val\u00f3sult meg.<\/p>\n\n\n\n<p>Palkovics L\u00e1szl\u00f3 innov\u00e1ci\u00f3s \u00e9s technol\u00f3giai miniszter a Budapesti&nbsp;Zsid\u00f3&nbsp;Hitk\u00f6zs\u00e9g megh\u00edv\u00e1s\u00e1ra kedden l\u00e1togatta meg a helyre\u00e1ll\u00edtott zsinag\u00f3g\u00e1t.<\/p>\n\n\n\n<p>Az \u00e9vtizedeken kereszt\u00fcl \u00fcresen \u00e1ll\u00f3, er\u0151sen leromlott \u00e1llapot\u00fa \u00e9p\u00fclet 2006-ban ker\u00fclt vissza a Budapesti&nbsp;Zsid\u00f3&nbsp;Hitk\u00f6zs\u00e9ghez (BZSH). Az 1869-ben megtervezett zsinag\u00f3ga tavaly \u00e9v v\u00e9g\u00e9re minden r\u00e9szlet\u00e9ben meg\u00fajult. Az \u00e9p\u00fcletet Kunos P\u00e9ter, a BZSH \u00fcgyvezet\u0151 igazgat\u00f3ja \u00e9s Kiss Henriett, a zsinag\u00f3ga igazgat\u00f3ja mutatta be a miniszternek.<\/p>\n\n\n\n<p>Kit\u00e9rtek arra: a t\u00f3raolvas\u00f3 emelv\u00e9ny egyedi hidraulikus szerkezettel emelhet\u0151, s\u00fcllyeszthet\u0151, \u00edgy a szakr\u00e1lis t\u00e9r egy gombnyom\u00e1sra alkalmass\u00e1 tehet\u0151 kultur\u00e1lis rendezv\u00e9nyek, ak\u00e1r nagykoncertek befogad\u00e1s\u00e1ra is. Az \u00e9p\u00fcletben k\u00e1v\u00e9h\u00e1z, szalon \u00e9s konferenciaterem, m\u00fazeumpedag\u00f3giai foglalkoz\u00e1sokhoz is haszn\u00e1lhat\u00f3 szob\u00e1k kaptak helyet.<\/p>\n\n\n\n<p>A harmadik emeleten \u00e1lland\u00f3 ki\u00e1ll\u00edt\u00e1s mutatja be a magyarorsz\u00e1gi&nbsp;zsid\u00f3k \u00e9let\u00e9t, d\u00f6nt\u00e9si helyzeteit egy magyar&nbsp;zsid\u00f3&nbsp;csal\u00e1d t\u00f6rt\u00e9net\u00e9n kereszt\u00fcl. \u201cA digit\u00e1lis eszk\u00f6z\u00f6k\u00f6n alapul\u00f3, filmes \u00e9s anim\u00e1ci\u00f3s elemeket vegy\u00edt\u0151 audiovizu\u00e1lis \u00e9lm\u00e9ny alkalmas lehet a fiatalok megsz\u00f3l\u00edt\u00e1s\u00e1ra is\u201d \u2013 fogalmaztak.<\/p>\n\n\n\n<p>A ki\u00e1ll\u00edt\u00e1s r\u00e9szek\u00e9nt k\u00e9t \u201cid\u0151kapszula\u201d hasonl\u00edtja \u00f6ssze az 1740-es \u00e9s a 2020-as \u00e9vek h\u00e9tk\u00f6znapi jelens\u00e9geit, p\u00e9ld\u00e1ul a jellemz\u0151 \u00e9teleket, az egy nap alatt megtehet\u0151 t\u00e1vols\u00e1got \u2013 tett\u00e9k hozz\u00e1.<\/p>\n\n\n\n<p>A helyre\u00e1ll\u00edtott Rumbach Sebesty\u00e9n utcai zsinag\u00f3ga \u00e9s az Egy\u00fctt\u00e9l\u00e9s H\u00e1za ki\u00e1ll\u00edt\u00e1s a tervek szerint j\u00falius els\u0151 fel\u00e9ben ny\u00edlik meg a nagyk\u00f6z\u00f6ns\u00e9g el\u0151tt.<\/p>\n\n\n\n<p>Palkovics L\u00e1szl\u00f3 \u00e9s a BZSH vezet\u0151inek megbesz\u00e9l\u00e9sen sz\u00f3ba ker\u00fcltek a Budapesti&nbsp;Zsid\u00f3&nbsp;Hitk\u00f6zs\u00e9g K\u00fclkereskedelmi Technikum\u00e1nak k\u00e9pz\u00e9sei is. Salusinszky Andr\u00e1s, az int\u00e9zm\u00e9ny igazgat\u00f3ja kiemelte: indukt\u00edv \u00e9s kooperat\u00edv, a tanul\u00f3kat bevon\u00f3 m\u00f3dszerekkel k\u00e9sz\u00edtik fel a j\u00f6v\u0151 k\u00fclkeresked\u0151it, logisztikusait, p\u00e9nz\u00fcgyi \u00e9s turisztikai szakembereit a munka vil\u00e1g\u00e1ra. A hat\u00e9ves k\u00e9pz\u00e9sben a nyelvoktat\u00e1s mellett nagy hangs\u00falyt kapnak a tanul\u00f3k akt\u00edv-interakt\u00edv r\u00e9szv\u00e9tel\u00e9re \u00f6szt\u00f6nz\u0151 megold\u00e1sok is. A miniszter szerint a modern, innovat\u00edv technikumi oktat\u00e1s keret\u00e9ben l\u00e9trehozand\u00f3 k\u00fcl\u00f6nleges szakk\u00e9pz\u00e9si int\u00e9zm\u00e9ny hidat k\u00e9pezhet a fels\u0151oktat\u00e1s ir\u00e1ny\u00e1ba. (MTI)<\/p>\n\n\n\n<p>Forr\u00e1s: <a href=\"https:\/\/www.szombat.org\/politika\/rumbach-zsinagoga-szakralitas-es-innovativitas-kozossegi-es-kulturalis-ter\" target=\"_blank\" rel=\"noreferrer noopener\">https:\/\/www.szombat.org\/politika\/rumbach-zsinagoga-szakralitas-es-innovativitas-kozossegi-es-kulturalis-ter<\/a><\/p>","protected":false},"excerpt":{"rendered":"<p>Szakr\u00e1lis funkci\u00f3ja mellett innovat\u00edv elemekben b\u0151velked\u0151 k\u00f6z\u00f6ss\u00e9gi \u00e9s kultur\u00e1lis t\u00e9rk\u00e9nt ny\u00edlik meg a k\u00f6zelj\u00f6v\u0151ben Budapesten a fel\u00faj\u00edtott Rumbach Sebesty\u00e9n utcai zsinag\u00f3ga <\/p>","protected":false},"author":4,"featured_media":1002,"comment_status":"closed","ping_status":"open","sticky":false,"template":"","format":"standard","meta":{"_acf_changed":false,"footnotes":""},"categories":[19],"tags":[],"class_list":["post-1001","post","type-post","status-publish","format-standard","has-post-thumbnail","hentry","category-masok-irtak"],"acf":[],"jetpack_featured_media_url":"https:\/\/rumbachzsinagoga.hu\/wp-content\/uploads\/2024\/02\/palkovics-rumbach-3-2.webp","_links":{"self":[{"href":"https:\/\/rumbachzsinagoga.hu\/en\/wp-json\/wp\/v2\/posts\/1001","targetHints":{"allow":["GET"]}}],"collection":[{"href":"https:\/\/rumbachzsinagoga.hu\/en\/wp-json\/wp\/v2\/posts"}],"about":[{"href":"https:\/\/rumbachzsinagoga.hu\/en\/wp-json\/wp\/v2\/types\/post"}],"author":[{"embeddable":true,"href":"https:\/\/rumbachzsinagoga.hu\/en\/wp-json\/wp\/v2\/users\/4"}],"replies":[{"embeddable":true,"href":"https:\/\/rumbachzsinagoga.hu\/en\/wp-json\/wp\/v2\/comments?post=1001"}],"version-history":[{"count":5,"href":"https:\/\/rumbachzsinagoga.hu\/en\/wp-json\/wp\/v2\/posts\/1001\/revisions"}],"predecessor-version":[{"id":1019,"href":"https:\/\/rumbachzsinagoga.hu\/en\/wp-json\/wp\/v2\/posts\/1001\/revisions\/1019"}],"wp:featuredmedia":[{"embeddable":true,"href":"https:\/\/rumbachzsinagoga.hu\/en\/wp-json\/wp\/v2\/media\/1002"}],"wp:attachment":[{"href":"https:\/\/rumbachzsinagoga.hu\/en\/wp-json\/wp\/v2\/media?parent=1001"}],"wp:term":[{"taxonomy":"category","embeddable":true,"href":"https:\/\/rumbachzsinagoga.hu\/en\/wp-json\/wp\/v2\/categories?post=1001"},{"taxonomy":"post_tag","embeddable":true,"href":"https:\/\/rumbachzsinagoga.hu\/en\/wp-json\/wp\/v2\/tags?post=1001"}],"curies":[{"name":"wp","href":"https:\/\/api.w.org\/{rel}","templated":true}]}}