{"id":954,"date":"2024-02-13T20:24:16","date_gmt":"2024-02-13T20:24:16","guid":{"rendered":"https:\/\/rumbachzsinagoga.hu\/?p=954"},"modified":"2024-02-13T20:24:17","modified_gmt":"2024-02-13T20:24:17","slug":"latogathato-a-rumbach-sebestyen-utcai-zsinagoga","status":"publish","type":"post","link":"https:\/\/rumbachzsinagoga.hu\/en\/2024\/02\/13\/latogathato-a-rumbach-sebestyen-utcai-zsinagoga\/","title":{"rendered":"L\u00e1togathat\u00f3 a Rumbach Sebesty\u00e9n utcai zsinag\u00f3ga"},"content":{"rendered":"<p>A fel\u00faj\u00edtott Rumbach Sebesty\u00e9n utcai zsinag\u00f3ga j\u00falius 19-\u00e9n, h\u00e9tf\u0151n, ha csak r\u00e9szlegesen is, de megnyitotta kapuit a l\u00e1togat\u00f3k sz\u00e1m\u00e1ra.<\/p>\n\n\n\n<p>A pre opening period (POP) ideje alatt a n\u00e9gy \u00e9vig tart\u00f3 fel\u00faj\u00edt\u00e1sa ut\u00e1n j\u00faniusban \u00e1tadott Rumbach Zsinag\u00f3ga Komplexum korl\u00e1tozott id\u0151ben \u00e9s korl\u00e1tozott szolg\u00e1ltat\u00e1sokkal \u00e1ll a l\u00e1togat\u00f3k rendelkez\u00e9s\u00e9re \u2013 t\u00e1j\u00e9koztatott R\u00f3na Iv\u00e1n, a Doh\u00e1ny \u00e9s a Rumbach Zsinag\u00f3ga Komplexum turizmus\u00e1\u00e9rt felel\u0151s vezet\u0151je.<\/p>\n\n\n\n<p>Ebben \u2013 a rem\u00e9lhet\u0151leg csak p\u00e1r h\u00e9tig tart\u00f3 \u2013 id\u0151szakban a multifunkcion\u00e1lis komplexum vas\u00e1rnapt\u00f3l p\u00e9ntekig, 10 \u00e9s 16 \u00f3ra k\u00f6z\u00f6tt v\u00e1rja a l\u00e1togat\u00f3kat. Ekkor m\u00e9g nem lesz szervezett idegenvezet\u00e9s, \u00e9s a jegy\u00e9rt\u00e9kes\u00edt\u00e9s is mind\u00f6sszesen 3 fajta bel\u00e9p\u0151re szor\u00edtkozik.<\/p>\n\n\n\n<p>A POP-id\u0151szakban egy\u00e9b kedvezm\u00e9nyes jegyek nem lesznek, de az igazolv\u00e1nnyal rendelkez\u0151 mozg\u00e1skorl\u00e1tozottak \u00e9s k\u00eds\u00e9r\u0151ik ingyenesen l\u00e1togathatj\u00e1k a komplexumot. Az \u00e9p\u00fclet akad\u00e1lymentes\u00edtett.<\/p>\n\n\n\n<p>A POP-id\u0151szak alatt a Rumbachban a k\u00f6vetkez\u0151 terek l\u00e1togathat\u00f3ak:<\/p>\n\n\n\n<ul class=\"wp-block-list\">\n<li>Zsinag\u00f3ga t\u00e9r<\/li>\n\n\n\n<li>Els\u0151 emeleti Otto Wagner-ki\u00e1ll\u00edt\u00e1s<\/li>\n\n\n\n<li>Harmadik emeleti Politzer-ki\u00e1ll\u00edt\u00e1s<\/li>\n<\/ul>\n\n\n\n<p>A m\u00e1sodik emeleti k\u00f3ser (h\u00fasos) k\u00e1v\u00e9h\u00e1z m\u00e9g nem \u00fczemel, \u00edgy annak szolg\u00e1ltat\u00e1sait m\u00e9g nem lehet ig\u00e9nybe venni.<\/p>\n\n\n\n<p>Az idegenvezet\u0151k vizsg\u00e1ztat\u00e1sa egy h\u00f3napja folyik, m\u00e1r t\u00f6bb mint 40 idegenvezet\u0151 szerzett licencet a Rumbachban val\u00f3 vezet\u00e9sre. A vizsg\u00e1ztat\u00e1s tov\u00e1bb folytat\u00f3dik \u2013 tudtuk meg.<\/p>\n\n\n\n<p>Mivel a Rumbach utcai zsinag\u00f3ga egy szakr\u00e1lis \u00e9p\u00fclet, \u00edgy a bel\u00e9p\u00e9si szab\u00e1lyok ugyanazok, mint a Doh\u00e1ny utcai zsinag\u00f3g\u00e1ban. F\u00e9rfiaknak a fejfed\u0151 visel\u00e9se k\u00f6telez\u0151, a h\u00f6lgyeknek a fedetlen v\u00e1llakat \u00e9s t\u00e9rd feletti r\u00e9szt takarni kell.Ehhez az int\u00e9zm\u00e9ny t\u00e9r\u00edt\u00e9smentesen biztos\u00edt pap\u00edrkip\u00e1kat \u00e9s pap\u00edr v\u00e1llkend\u0151t. Lesznek itt is k\u00f6nny\u0171 \u00e9s szell\u0151z\u00e9sre alkalmas k\u00f6penyek azok sz\u00e1m\u00e1ra, akiknek a l\u00e1buk (combjuk) is fedetlen.<\/p>\n\n\n\n<p>&#8222;Amikor v\u00e9get \u00e9r a pre opening id\u0151szak, a kedvezm\u00e9nyes \u00e1rak megsz\u0171nnek, \u00e9s teljes szolg\u00e1ltat\u00e1si vertikummal (pl. t\u00f6bb nyelv\u0171 idegenvezet\u00e9ssel, k\u00e1v\u00e9h\u00e1zzal) a m\u00e1r 2020-ban meghirdetett 2021-es \u00e1rainkon nyitjuk meg teljesen a Rumbach Zsinag\u00f3ga Komplexumot&#8221; \u2013 k\u00f6z\u00f6lte R\u00f3na Iv\u00e1n.<\/p>\n\n\n\n<p>Forr\u00e1s: <a href=\"https:\/\/turizmus.com\/desztinaciok\/megnyitott-a-rumbach-sebestyen-utcai-zsinagoga-1176050\">https:\/\/turizmus.com\/desztinaciok\/megnyitott-a-rumbach-sebestyen-utcai-zsinagoga-1176050<\/a><\/p>","protected":false},"excerpt":{"rendered":"<p>A fel\u00faj\u00edtott Rumbach Sebesty\u00e9n utcai zsinag\u00f3ga j\u00falius 19-\u00e9n, h\u00e9tf\u0151n, ha csak r\u00e9szlegesen is, de megnyitotta kapuit a l\u00e1togat\u00f3k sz\u00e1m\u00e1ra. A pre opening period (POP) ideje alatt a n\u00e9gy \u00e9vig tart\u00f3 fel\u00faj\u00edt\u00e1sa ut\u00e1n j\u00faniusban \u00e1tadott Rumbach Zsinag\u00f3ga Komplexum korl\u00e1tozott id\u0151ben \u00e9s korl\u00e1tozott szolg\u00e1ltat\u00e1sokkal \u00e1ll a l\u00e1togat\u00f3k rendelkez\u00e9s\u00e9re \u2013 t\u00e1j\u00e9koztatott R\u00f3na Iv\u00e1n, a Doh\u00e1ny \u00e9s a Rumbach [&hellip;]<\/p>","protected":false},"author":4,"featured_media":955,"comment_status":"closed","ping_status":"open","sticky":false,"template":"","format":"standard","meta":{"_acf_changed":false,"footnotes":""},"categories":[19],"tags":[],"class_list":["post-954","post","type-post","status-publish","format-standard","has-post-thumbnail","hentry","category-masok-irtak"],"acf":[],"jetpack_featured_media_url":"https:\/\/rumbachzsinagoga.hu\/wp-content\/uploads\/2024\/02\/Rumbach_zsinagoga_10.jpg","_links":{"self":[{"href":"https:\/\/rumbachzsinagoga.hu\/en\/wp-json\/wp\/v2\/posts\/954","targetHints":{"allow":["GET"]}}],"collection":[{"href":"https:\/\/rumbachzsinagoga.hu\/en\/wp-json\/wp\/v2\/posts"}],"about":[{"href":"https:\/\/rumbachzsinagoga.hu\/en\/wp-json\/wp\/v2\/types\/post"}],"author":[{"embeddable":true,"href":"https:\/\/rumbachzsinagoga.hu\/en\/wp-json\/wp\/v2\/users\/4"}],"replies":[{"embeddable":true,"href":"https:\/\/rumbachzsinagoga.hu\/en\/wp-json\/wp\/v2\/comments?post=954"}],"version-history":[{"count":1,"href":"https:\/\/rumbachzsinagoga.hu\/en\/wp-json\/wp\/v2\/posts\/954\/revisions"}],"predecessor-version":[{"id":956,"href":"https:\/\/rumbachzsinagoga.hu\/en\/wp-json\/wp\/v2\/posts\/954\/revisions\/956"}],"wp:featuredmedia":[{"embeddable":true,"href":"https:\/\/rumbachzsinagoga.hu\/en\/wp-json\/wp\/v2\/media\/955"}],"wp:attachment":[{"href":"https:\/\/rumbachzsinagoga.hu\/en\/wp-json\/wp\/v2\/media?parent=954"}],"wp:term":[{"taxonomy":"category","embeddable":true,"href":"https:\/\/rumbachzsinagoga.hu\/en\/wp-json\/wp\/v2\/categories?post=954"},{"taxonomy":"post_tag","embeddable":true,"href":"https:\/\/rumbachzsinagoga.hu\/en\/wp-json\/wp\/v2\/tags?post=954"}],"curies":[{"name":"wp","href":"https:\/\/api.w.org\/{rel}","templated":true}]}}